{"id":74058,"date":"2026-03-09T10:09:14","date_gmt":"2026-03-09T09:09:14","guid":{"rendered":"https:\/\/tcm.be\/?p=74058"},"modified":"2026-08-13T01:09:21","modified_gmt":"2026-08-12T23:09:21","slug":"tcm-belgium-sponsert-den-neuen-wa-make-film","status":"publish","type":"post","link":"https:\/\/tcm.be\/de\/tcm-belgium-sponsert-den-neuen-wa-make-film\/","title":{"rendered":"TCM Belgium sponsert den neuen \u201eWa Make\u201c-Film"},"content":{"rendered":"\n<p class=\"wp-block-paragraph\"><em>Im Trailer des ersten \u201aWa Make\u2018-Films h\u00f6rt man den inzwischen ikonischen (zumindest in Limburg) Benjamin Tonon rufen: <strong>\u201eJo, Palettenkopf, wo ist das Cash?!\u201c<\/strong> F\u00fcr viele klingt das nicht nur wie eine Szene aus dem limburgischen Untergrundmilieu, sondern auch wie eine Karikatur dessen, wie sie die Inkassobranche \u2014 zu Unrecht \u2014 wahrnehmen.<\/em><\/p>\n\n<h2 class=\"wp-block-heading\"><strong>Echte Wirkung entsteht, wenn Menschen Chancen bekommen<\/strong><\/h2>\n\n<p class=\"wp-block-paragraph\">TCM Belgium beschloss, sich hinter den lang erwarteten zweiten Teil des limburgischen Kollektivs \u201aWa Make\u2018 zu stellen. Denn <strong>echte Wirkung entsteht erst, wenn Menschen Chancen bekommen<\/strong> \u2014 ob es um kreatives Talent in der Filmwelt geht oder um Menschen mit Zahlungsschwierigkeiten.<\/p>\n\n<p class=\"wp-block-paragraph\">Das \u00fcberwiegend junge Team hinter dem Film ist von Ehrgeiz durchdrungen, etwas, das wir als Unternehmen nur begr\u00fc\u00dfen k\u00f6nnen. Auch inhaltlich ber\u00fchrt der Film Themen, mit denen wir als Inkassopartner t\u00e4glich konfrontiert werden: Vorurteile aufbrechen, Wahrnehmungen korrigieren und Menschen eine zweite \u2014 oder sogar dritte \u2014 Chance geben.<\/p>\n\n<h2 class=\"wp-block-heading\"><strong>Wa Make?<\/strong><\/h2>\n\n<p class=\"wp-block-paragraph\">Zwei junge Limburger kommen, auff\u00e4llig in Wei\u00df gekleidet und mit festem Schritt, auf unseren Tisch auf dem C-mine-Gel\u00e4nde zu: Regisseur Luca Salvatore und Hauptdarsteller Jef Vananroye. Ziya Yilmaz, die andere H\u00e4lfte des Regie-Duos, konnte leider nicht dabei sein.<\/p>\n\n<p class=\"wp-block-paragraph\">Unter den wachsamen Augen der F\u00f6rdert\u00fcrme und beim Schl\u00fcrfen dampfender Pasta, die uns mit viel W\u00e4rme von der Wirtin des italienischen Restaurants Norma serviert wird, h\u00f6ren wir uns ihre Geschichte an.<\/p>\n\n<figure class=\"wp-block-gallery has-nested-images columns-default wp-block-gallery-1 is-layout-flex wp-block-gallery-is-layout-flex\">\n<figure class=\"wp-block-image size-full\"><img loading=\"lazy\" decoding=\"async\" width=\"1536\" height=\"2048\" data-id=\"74048\" src=\"https:\/\/tcm.be\/wp-content\/uploads\/pathe-drie.jpeg\" alt=\"\" class=\"wp-image-74048\" title=\"\" srcset=\"https:\/\/tcm.be\/wp-content\/uploads\/pathe-drie.jpeg 1536w, https:\/\/tcm.be\/wp-content\/uploads\/pathe-drie-675x900.jpeg 675w, https:\/\/tcm.be\/wp-content\/uploads\/pathe-drie-1440x1920.jpeg 1440w, https:\/\/tcm.be\/wp-content\/uploads\/pathe-drie-768x1024.jpeg 768w, https:\/\/tcm.be\/wp-content\/uploads\/pathe-drie-1152x1536.jpeg 1152w, https:\/\/tcm.be\/wp-content\/uploads\/pathe-drie-480x640.jpeg 480w, https:\/\/tcm.be\/wp-content\/uploads\/pathe-drie-640x853.jpeg 640w, https:\/\/tcm.be\/wp-content\/uploads\/pathe-drie-720x960.jpeg 720w, https:\/\/tcm.be\/wp-content\/uploads\/pathe-drie-960x1280.jpeg 960w, https:\/\/tcm.be\/wp-content\/uploads\/pathe-drie-1168x1557.jpeg 1168w\" sizes=\"auto, (max-width: 1536px) 100vw, 1536px\" \/><\/figure>\n\n<figure class=\"wp-block-image size-full\"><img loading=\"lazy\" decoding=\"async\" width=\"1536\" height=\"2048\" data-id=\"74051\" src=\"https:\/\/tcm.be\/wp-content\/uploads\/wa-make-de-film.jpeg\" alt=\"\" class=\"wp-image-74051\" title=\"\" srcset=\"https:\/\/tcm.be\/wp-content\/uploads\/wa-make-de-film.jpeg 1536w, https:\/\/tcm.be\/wp-content\/uploads\/wa-make-de-film-675x900.jpeg 675w, https:\/\/tcm.be\/wp-content\/uploads\/wa-make-de-film-1440x1920.jpeg 1440w, https:\/\/tcm.be\/wp-content\/uploads\/wa-make-de-film-768x1024.jpeg 768w, https:\/\/tcm.be\/wp-content\/uploads\/wa-make-de-film-1152x1536.jpeg 1152w, https:\/\/tcm.be\/wp-content\/uploads\/wa-make-de-film-480x640.jpeg 480w, https:\/\/tcm.be\/wp-content\/uploads\/wa-make-de-film-640x853.jpeg 640w, https:\/\/tcm.be\/wp-content\/uploads\/wa-make-de-film-720x960.jpeg 720w, https:\/\/tcm.be\/wp-content\/uploads\/wa-make-de-film-960x1280.jpeg 960w, https:\/\/tcm.be\/wp-content\/uploads\/wa-make-de-film-1168x1557.jpeg 1168w\" sizes=\"auto, (max-width: 1536px) 100vw, 1536px\" \/><\/figure>\n\n<figure class=\"wp-block-image size-full\"><img loading=\"lazy\" decoding=\"async\" width=\"1536\" height=\"2048\" data-id=\"74046\" src=\"https:\/\/tcm.be\/wp-content\/uploads\/wa-make-cinema.jpeg\" alt=\"\" class=\"wp-image-74046\" title=\"\" srcset=\"https:\/\/tcm.be\/wp-content\/uploads\/wa-make-cinema.jpeg 1536w, https:\/\/tcm.be\/wp-content\/uploads\/wa-make-cinema-675x900.jpeg 675w, https:\/\/tcm.be\/wp-content\/uploads\/wa-make-cinema-1440x1920.jpeg 1440w, https:\/\/tcm.be\/wp-content\/uploads\/wa-make-cinema-768x1024.jpeg 768w, https:\/\/tcm.be\/wp-content\/uploads\/wa-make-cinema-1152x1536.jpeg 1152w, https:\/\/tcm.be\/wp-content\/uploads\/wa-make-cinema-480x640.jpeg 480w, https:\/\/tcm.be\/wp-content\/uploads\/wa-make-cinema-640x853.jpeg 640w, https:\/\/tcm.be\/wp-content\/uploads\/wa-make-cinema-720x960.jpeg 720w, https:\/\/tcm.be\/wp-content\/uploads\/wa-make-cinema-960x1280.jpeg 960w, https:\/\/tcm.be\/wp-content\/uploads\/wa-make-cinema-1168x1557.jpeg 1168w\" sizes=\"auto, (max-width: 1536px) 100vw, 1536px\" \/><\/figure>\n<\/figure>\n\n<h2 class=\"wp-block-heading\"><strong>Von Korruption zu Emotion<\/strong><\/h2>\n\n<p class=\"wp-block-paragraph\">Die Filme erz\u00e4hlen die Geschichte eines korrupten Polizisten (gespielt von Jef) mit finanziellen Problemen. Wo der erste Film die Grundlage legte, geht dieser neue Teil einen Schritt weiter. Luca: <em>\u201eNicht nur Tabuthemen wie Korruption innerhalb des Polizeikorps und Rassismus werden thematisiert, auch Emotionen bekommen in diesem zweiten Film mehr Raum.\u201c<\/em> Der Titel erwies sich schnell als die perfekte \u00dcberschrift f\u00fcr den Inhalt.<\/p>\n\n<p class=\"wp-block-paragraph\">Luca: <em>\u201eEs ist ein Film von Limburgern, f\u00fcr Flandern. \u201aWa Make\u2018 ist ein typischer limburgischer Ausdruck, der so ziemlich alles bedeuten kann \u2014 von \u201awie geht\u2019s?\u2018 bis \u201awas machst du denn da schon wieder?\u2018, mit oder ohne Augenzwinkern.\u201c<\/em><\/p>\n\n<h2 class=\"wp-block-heading\"><strong>Kassieren am Set<\/strong><\/h2>\n\n<p class=\"wp-block-paragraph\">Dass Filmemachen Blut, Schwei\u00df und Tr\u00e4nen kostet, ist eine Untertreibung. Und kassieren muss man k\u00f6nnen (Wortspiel beabsichtigt!). Jef: \u201eDer erste Film wurde mit einem begrenzten Budget gedreht. Wir hatten keinen Action Director. Bei einer Actionszene bekam ich nicht weniger als 46 echte Schl\u00e4ge ins Gesicht, bis die Regisseure zufrieden waren.\u201c<\/p>\n\n<p class=\"wp-block-paragraph\">Diese harte Arbeit beschr\u00e4nkt sich \u00fcbrigens nicht nur aufs Schauspielern. Wir entdecken am Handgelenk von Jef ein Tattoo in Form einer Musiknote, und dahinter steckt eine Geschichte. Jef: \u201eNeben dem Schauspielern habe ich noch eine andere Leidenschaft: Musik machen.\u201c Er wirkte deshalb auch am Soundtrack dieses neuen Films mit. Suchen Sie auf Spotify ruhig nach \u201aVoldaan\u2018 von Chaz X Jef.<\/p>\n\n<figure class=\"wp-block-gallery has-nested-images columns-default wp-block-gallery-2 is-layout-flex wp-block-gallery-is-layout-flex\">\n<figure class=\"wp-block-image size-full\"><img loading=\"lazy\" decoding=\"async\" width=\"1536\" height=\"2048\" data-id=\"74047\" src=\"https:\/\/tcm.be\/wp-content\/uploads\/wa-make-3.jpeg\" alt=\"\" class=\"wp-image-74047\" title=\"\" srcset=\"https:\/\/tcm.be\/wp-content\/uploads\/wa-make-3.jpeg 1536w, https:\/\/tcm.be\/wp-content\/uploads\/wa-make-3-675x900.jpeg 675w, https:\/\/tcm.be\/wp-content\/uploads\/wa-make-3-1440x1920.jpeg 1440w, https:\/\/tcm.be\/wp-content\/uploads\/wa-make-3-768x1024.jpeg 768w, https:\/\/tcm.be\/wp-content\/uploads\/wa-make-3-1152x1536.jpeg 1152w, https:\/\/tcm.be\/wp-content\/uploads\/wa-make-3-480x640.jpeg 480w, https:\/\/tcm.be\/wp-content\/uploads\/wa-make-3-640x853.jpeg 640w, https:\/\/tcm.be\/wp-content\/uploads\/wa-make-3-720x960.jpeg 720w, https:\/\/tcm.be\/wp-content\/uploads\/wa-make-3-960x1280.jpeg 960w, https:\/\/tcm.be\/wp-content\/uploads\/wa-make-3-1168x1557.jpeg 1168w\" sizes=\"auto, (max-width: 1536px) 100vw, 1536px\" \/><\/figure>\n\n<figure class=\"wp-block-image size-full\"><img loading=\"lazy\" decoding=\"async\" width=\"1536\" height=\"2048\" data-id=\"74045\" src=\"https:\/\/tcm.be\/wp-content\/uploads\/wa-make-4.jpeg\" alt=\"\" class=\"wp-image-74045\" title=\"\" srcset=\"https:\/\/tcm.be\/wp-content\/uploads\/wa-make-4.jpeg 1536w, https:\/\/tcm.be\/wp-content\/uploads\/wa-make-4-675x900.jpeg 675w, https:\/\/tcm.be\/wp-content\/uploads\/wa-make-4-1440x1920.jpeg 1440w, https:\/\/tcm.be\/wp-content\/uploads\/wa-make-4-768x1024.jpeg 768w, https:\/\/tcm.be\/wp-content\/uploads\/wa-make-4-1152x1536.jpeg 1152w, https:\/\/tcm.be\/wp-content\/uploads\/wa-make-4-480x640.jpeg 480w, https:\/\/tcm.be\/wp-content\/uploads\/wa-make-4-640x853.jpeg 640w, https:\/\/tcm.be\/wp-content\/uploads\/wa-make-4-720x960.jpeg 720w, https:\/\/tcm.be\/wp-content\/uploads\/wa-make-4-960x1280.jpeg 960w, https:\/\/tcm.be\/wp-content\/uploads\/wa-make-4-1168x1557.jpeg 1168w\" sizes=\"auto, (max-width: 1536px) 100vw, 1536px\" \/><\/figure>\n<\/figure>\n\n<h2 class=\"wp-block-heading\"><strong>TCM Belgium: Inkasso mit einer Geschichte<\/strong><\/h2>\n\n<p class=\"wp-block-paragraph\">Bei TCM Belgium helfen wir t\u00e4glich mehr als 6.000 Unternehmen in Belgien und weltweit dabei, unbezahlte Rechnungen g\u00fctlich oder \u2014 falls n\u00f6tig \u2014 gerichtlich einzuziehen. Hinter dieser beeindruckenden Zahl stecken noch mehr Geschichten, die St\u00fcck f\u00fcr St\u00fcck eine pers\u00f6nliche Herangehensweise erfordern, um zur richtigen L\u00f6sung f\u00fcr alle Parteien zu kommen.<\/p>\n\n<p class=\"wp-block-paragraph\">Diesmal erweitern wir unsere gesellschaftliche Rolle auf die Kreativbranche. Und wer wei\u00df \u2014 vielleicht haben wir gerade der jungen limburgischen Version von Adil El Arbi &amp; Bilall Fallah einen Schubs gegeben!<\/p>\n\n<p class=\"wp-block-paragraph\">Gl\u00fcckwunsch, Luca, Jef und dem ganzen Team \u2014 wir durften die Premiere des neuen \u201eWa Make\u201c-Films schon auf der gro\u00dfen Leinwand miterleben!<\/p>\n\n<p class=\"wp-block-paragraph\"><strong>Mehr \u00fcber unseren pers\u00f6nlichen, menschlichen Ansatz bei unbezahlten Rechnungen erfahren?<\/strong> Entdecken Sie hier, was TCM Belgium f\u00fcr Ihr Unternehmen bedeuten kann!<\/p>\n\n<p class=\"wp-block-paragraph\">Ver\u00f6ffentlicht am 9\/03\/2026<\/p>\n","protected":false},"excerpt":{"rendered":"<p>Im Trailer des ersten \u201aWa Make\u2018-Films h\u00f6rt man den inzwischen ikonischen (zumindest in Limburg) Benjamin Tonon rufen: \u201eJo, Palettenkopf, wo ist das Cash?!\u201c F\u00fcr viele klingt das nicht nur wie eine Szene aus dem limburgischen Untergrundmilieu, sondern auch wie eine Karikatur dessen, wie sie die Inkassobranche \u2014 zu Unrecht \u2014 wahrnehmen. Echte Wirkung entsteht, wenn [&hellip;]<\/p>\n","protected":false},"author":10,"featured_media":76151,"comment_status":"closed","ping_status":"closed","sticky":false,"template":"","format":"standard","meta":{"footnotes":""},"categories":[83],"tags":[174,175,176,177,178,179,130,167],"class_list":["post-74058","post","type-post","status-publish","format-standard","has-post-thumbnail","hentry","category-news","tag-belgische-film","tag-creatieve-industrie","tag-limburg","tag-maatschappelijk-engagement","tag-menselijke-aanpak","tag-sponsoring","tag-tcm-belgium","tag-wa-make"],"_links":{"self":[{"href":"https:\/\/tcm.be\/de\/wp-json\/wp\/v2\/posts\/74058","targetHints":{"allow":["GET"]}}],"collection":[{"href":"https:\/\/tcm.be\/de\/wp-json\/wp\/v2\/posts"}],"about":[{"href":"https:\/\/tcm.be\/de\/wp-json\/wp\/v2\/types\/post"}],"author":[{"embeddable":true,"href":"https:\/\/tcm.be\/de\/wp-json\/wp\/v2\/users\/10"}],"replies":[{"embeddable":true,"href":"https:\/\/tcm.be\/de\/wp-json\/wp\/v2\/comments?post=74058"}],"version-history":[{"count":23,"href":"https:\/\/tcm.be\/de\/wp-json\/wp\/v2\/posts\/74058\/revisions"}],"predecessor-version":[{"id":74184,"href":"https:\/\/tcm.be\/de\/wp-json\/wp\/v2\/posts\/74058\/revisions\/74184"}],"wp:featuredmedia":[{"embeddable":true,"href":"https:\/\/tcm.be\/de\/wp-json\/wp\/v2\/media\/76151"}],"wp:attachment":[{"href":"https:\/\/tcm.be\/de\/wp-json\/wp\/v2\/media?parent=74058"}],"wp:term":[{"taxonomy":"category","embeddable":true,"href":"https:\/\/tcm.be\/de\/wp-json\/wp\/v2\/categories?post=74058"},{"taxonomy":"post_tag","embeddable":true,"href":"https:\/\/tcm.be\/de\/wp-json\/wp\/v2\/tags?post=74058"}],"curies":[{"name":"wp","href":"https:\/\/api.w.org\/{rel}","templated":true}]}}