{"id":70911,"date":"2017-04-10T12:37:52","date_gmt":"2017-04-10T10:37:52","guid":{"rendered":"https:\/\/tcm.be\/regsol-la-plateforme-digitale-des-faillites\/"},"modified":"2025-11-26T20:02:12","modified_gmt":"2025-11-26T19:02:12","slug":"regsol-la-plateforme-digitale-des-faillites","status":"publish","type":"post","link":"https:\/\/tcm.be\/fr\/regsol-la-plateforme-digitale-des-faillites\/","title":{"rendered":"Regsol, la plateforme digitale des faillites"},"content":{"rendered":"\n<img loading=\"lazy\" decoding=\"async\" class=\"alignnone size-full wp-image-1445\" src=\"\/wp-content\/uploads\/2017\/08\/logo-regsol.png\" alt=\"\" width=\"1362\" height=\"1192\" title=\"\">\n\n\n\n<p>L\u2019<\/p>\n\n\n\n<a href=\"http:\/\/www.avocats.be\/fr\/%C3%A0-propos-d%E2%80%99avocatsbe-lordre-des-barreaux-francophones-et-germanophone-de-belgique\" target=\"_blank\" rel=\"noopener\">Ordre des barreaux francophones<\/a>\n\n\n\n<p>\u00a0et germanophone, son pendant n\u00e9erlandophone du\u00a0<\/p>\n\n\n\n<a href=\"https:\/\/www.advocaat.be\/\" target=\"_blank\" rel=\"noopener\">Vlaamse Balies<\/a>\n\n\n\n<p>\u00a0et le\u00a0<\/p>\n\n\n\n<a href=\"https:\/\/justice.belgium.be\/fr\/service_public_federal_justice\" target=\"_blank\" rel=\"noopener\">SPF Justice<\/a>\n\n\n\n<p>\u00a0ont ensemble effectu\u00e9 un pas de plus vers la modernisation du secteur de la Justice ce Samedi 1<\/p>\n\n\n\n<sup>er<\/sup>\n\n\n\n<p>\u00a0avril 2017, en lan\u00e7ant<\/p>\n\n\n\n<strong>Regsol<\/strong>\n\n\n\n<p>, la<\/p>\n\n\n\n<strong>plateforme digitale des faillites<\/strong>\n\n\n\n<p>, afin de rendre davantage la proc\u00e9dure en phase avec la r\u00e9alit\u00e9 d\u2019aujourd\u2019hui.<\/p>\n\n\n\n<a href=\"https:\/\/www.regsol.be\/\" target=\"_blank\" rel=\"noopener\">Regsol<\/a>\n\n\n\n<p>(le<\/p>\n\n\n\n<strong>Registre central de Solvabilit\u00e9<\/strong>\n\n\n\n<p>) est une base de donn\u00e9es informatis\u00e9e au sein de laquelle toutes les donn\u00e9es relatives aux<\/p>\n\n\n\n<a href=\"https:\/\/tcm.be\/fr\/faillite\/\">faillites<\/a>\n\n\n\n<p>prononc\u00e9es en Belgique sont rassembl\u00e9es. Cette<\/p>\n\n\n\n<strong>plateforme<\/strong>\n\n\n\n<p>a le m\u00e9rite d\u2019am\u00e9liorer la communication entre les diff\u00e9rents acteurs de la proc\u00e9dure qui peuvent parfois agir simultan\u00e9ment\u00a0:<\/p>\n\n\n\n<a href=\"https:\/\/tcm.be\/fr\/curateur\/\">curateur<\/a>\n\n\n\n<p>,<\/p>\n\n\n\n<a href=\"https:\/\/tcm.be\/fr\/creancier-definition\/\">cr\u00e9anciers<\/a>\n\n\n\n<p>,<\/p>\n\n\n\n<a href=\"https:\/\/tcm.be\/fr\/juge-commissaire\/\">juge-commissaire<\/a>\n\n\n\n<p>, parquet, greffier. Tous ces acteurs doivent avoir, \u00e0 diff\u00e9rents moments, une vue d\u2019ensemble sur la proc\u00e9dure. \u00c0 ce titre, le dossier mat\u00e9riel, version papier (donn\u00e9es et pi\u00e8ces relatives \u00e0 la faillite, d\u00e9clarations de cr\u00e9ance, proc\u00e8s-verbaux de v\u00e9rification, \u2026), est devenu d\u00e9suet et constitue un frein, d\u2019une part, au principe de transparence de la proc\u00e9dure, et d\u2019autre part, \u00e0 la rapidit\u00e9 de communication. \u00c0 partir de ce samedi 1<\/p>\n\n\n\n<sup>er<\/sup>\n\n\n\n<p>\u00a0avril, le dossier papier reste consultable pour les faillites en cours, mais dor\u00e9navant, le greffier n\u2019acceptera plus aucun document papier de telle sorte que les proc\u00e9dures de faillite en cours seront num\u00e9ris\u00e9es mais uniquement pour les documents \u00e0 venir. Les nouvelles proc\u00e9dures seront quant \u00e0 elles enti\u00e8rement<\/p>\n\n\n\n<strong>num\u00e9ris\u00e9es<\/strong>\n\n\n\n<p>. Seules les personnes morales \u00e9trang\u00e8res ou les personnes physiques non-repr\u00e9sent\u00e9es par un avocat pourront encore introduire leurs d\u00e9clarations de cr\u00e9ances par l\u2019envoi d\u2019un recommand\u00e9 au curateur. Toutefois, l\u2019acc\u00e8s \u00e0 la plateforme leur sera possible s\u2019ils le souhaitent. Cette<\/p>\n\n\n\n<strong>nouvelle plateforme<\/strong>\n\n\n\n<p>permettra donc une \u00e9conomie budg\u00e9taire importante sur les frais administratifs, un gain de temps consid\u00e9rable au niveau des greffes ainsi qu\u2019une meilleure communication en termes de qualit\u00e9 et de rapidit\u00e9 entre les acteurs de la faillite. Pour d\u00e9clarer votre<\/p>\n\n\n\n<a href=\"https:\/\/tcm.be\/fr\/creance\/\">cr\u00e9ance<\/a>\n\n\n\n<p>, il suffira simplement de<\/p>\n\n\n\n<strong>s\u2019inscrire sur la plateforme<\/strong>\n\n\n\n<p>(nom, num\u00e9ro d\u2019entreprise, adresse, \u2026), de rechercher votre<\/p>\n\n\n\n<a href=\"https:\/\/tcm.be\/fr\/debiteur-definition\/\">d\u00e9biteur<\/a>\n\n\n\n<p>(via le nom, le num\u00e9ro d\u2019entreprise, la localit\u00e9, \u2026), d\u2019introduire le montant de votre cr\u00e9ance ainsi que les documents justificatifs en les t\u00e9l\u00e9chargeant, de mentionner votre qualit\u00e9 de<\/p>\n\n\n\n<a href=\"https:\/\/tcm.be\/fr\/creancier-definition\/\">cr\u00e9ancier<\/a>\n\n\n\n<p>(<\/p>\n\n\n\n<a href=\"https:\/\/tcm.be\/fr\/creancier-privilegie-ou-chirographaire\/\">privil\u00e9gi\u00e9<\/a>\n\n\n\n<p>,<\/p>\n\n\n\n<a href=\"https:\/\/tcm.be\/fr\/creancier-privilegie-ou-chirographaire\/\">chirographaire<\/a>\n\n\n\n<p>, \u2026) et de laisser, le cas \u00e9ch\u00e9ant, une petite remarque au curateur concernant les circonstances de votre cr\u00e9ance. Apr\u00e8s avoir rempli ces informations, on vous proposera un r\u00e9sum\u00e9 que vous devrez valider avant de passer au paiement de votre d\u00e9claration. Le<\/p>\n\n\n\n<strong>financement de cette<\/strong>\n\n\n\n<strong>plateforme<\/strong>\n\n\n\n<p>proviendra principalement des d\u00e9clarations de cr\u00e9ances (6 euros par d\u00e9claration, sauf pour les institutions publiques pour qui les d\u00e9clarations seront gratuites) ainsi que des r\u00e9tributions annuelles qui sont d\u00e9termin\u00e9es en fonction de l\u2019actif brut de la<\/p>\n\n\n\n<a href=\"https:\/\/tcm.be\/fr\/faillite\/\">faillite<\/a>\n\n\n\n<p>. Si l\u2019actif brut est compris entre 0 euros et 1.500 euros, la r\u00e9tribution \u00e9quivaudra \u00e0 0 euros. Entre 1.500 et 5.000 euros, la r\u00e9tribution sera de 25 euros par an. Si l\u2019actif brut d\u00e9passe 5.000 euros, il faudra compter une r\u00e9tribution annuelle de 295 euros. Cette redevance annuelle sera pr\u00e9lev\u00e9e sur la somme d\u00e9gag\u00e9e par le<\/p>\n\n\n\n<a href=\"https:\/\/tcm.be\/fr\/curateur\/\">curateur<\/a>\n\n\n\n<p>avant que la distribution soit faite aux diff\u00e9rents cr\u00e9anciers (<\/p>\n\n\n\n<a href=\"https:\/\/tcm.be\/fr\/dette\/\">dettes<\/a>\n\n\n\n<p>de la masse). Cette<\/p>\n\n\n\n<strong>plateforme<\/strong>\n\n\n\n<p>sera s\u00fbrement sujette \u00e0 quelques bugs et des versions ult\u00e9rieurs suivront rapidement afin de l\u2019adapter, mais il est certain qu\u2019elle fera gagner \u00e9norm\u00e9ment de temps dans la gestion des proc\u00e9dures et qu\u2019elle en diminuera fortement les co\u00fbts. Il faudra cependant attendre quelques mois pour juger de son efficacit\u00e9 et conclure \u00e0 sa r\u00e9ussite. Quoiqu\u2019il en soit, les<\/p>\n\n\n\n<strong>cr\u00e9anciers<\/strong>\n\n\n\n<p>pourront tr\u00e8s certainement en retirer<\/p>\n\n\n\n<strong>deux<\/strong>\n\n\n\n<strong>avantages<\/strong>\n\n\n\n<p>\u00a0: &#8211;\u00a0\u00a0\u00a0\u00a0\u00a0\u00a0\u00a0 La d\u00e9claration de<\/p>\n\n\n\n<a href=\"https:\/\/tcm.be\/fr\/creance\/\">cr\u00e9ance<\/a>\n\n\n\n<p>sera<\/p>\n\n\n\n<strong>num\u00e9rique<\/strong>\n\n\n\n<p>(gain de temps, frais de d\u00e9placement, \u2026)\u00a0; &#8211;\u00a0\u00a0\u00a0\u00a0\u00a0\u00a0\u00a0 Les<\/p>\n\n\n\n<a href=\"https:\/\/tcm.be\/fr\/creancier-definition\/\">cr\u00e9anciers<\/a>\n\n\n\n<p>pourront avoir \u00e0 tout moment une vue d\u2019ensemble sur le traitement de leurs<\/p>\n\n\n\n<strong>cr\u00e9ances<\/strong>\n\n\n\n<p>dans les diff\u00e9rentes proc\u00e9dures en cours via leur compte personnel sur la plateforme. Si vous souhaitez de plus amples informations, veuillez nous contacter sur notre\u00a0<\/p>\n\n\n\n<a href=\"https:\/\/tcm.be\/fr\/contact\/\">site Web<\/a>\n\n\n\n<p>\u00a0ou par\u00a0<\/p>\n\n\n\n<a href=\"mailto:sales@tcm.be\" target=\"_blank\" rel=\"noopener\">mail<\/a>\n\n\n\n<p>\u00a0!<\/p>\n\n\n\n<h2 class=\"wp-block-heading has-text-align-center\"><strong>!!!!!\u00a0 Attention\u00a0 !!!!!\u00a0<\/strong><\/h2>\n\n\n\n<p>Beaucoup de lecteurs nous contactent pour des questions de connexion, de d\u00e9claration ou de paiement avec Regsol.\u00a0 Nous ne sommes<\/p>\n\n\n\n<u>pas<\/u>\n\n\n\n<p>Regsol.\u00a0<\/p>\n\n\n\n<strong>Merci de les<\/strong>\n\n\n\n<a href=\"https:\/\/www.regsol.be\/\" target=\"_blank\" rel=\"noopener\"><strong>contacter directement<\/strong><\/a>\n\n\n\n<p>(<\/p>\n\n\n\n<a href=\"https:\/\/www.regsol.be\/\" target=\"_blank\" rel=\"noopener\">https:\/\/www.regsol.be\/<\/a>\n\n\n\n<p>) pour toute question pratique ou technique.<\/p>\n\n\n\n<hr class=\"wp-block-separator\"\/>\n\n\n\n<img loading=\"lazy\" decoding=\"async\" class=\"alignnone size-full wp-image-1445\" src=\"\/wp-content\/uploads\/2017\/08\/logo-regsol.png\" alt=\"\" width=\"1362\" height=\"1192\" title=\"\">\n\n\n\n<p>L\u2019<\/p>\n\n\n\n<a href=\"http:\/\/www.avocats.be\/fr\/%C3%A0-propos-d%E2%80%99avocatsbe-lordre-des-barreaux-francophones-et-germanophone-de-belgique\" target=\"_blank\" rel=\"noopener\">Ordre des barreaux francophones<\/a>\n\n\n\n<p>\u00a0et germanophone, son pendant n\u00e9erlandophone du\u00a0<\/p>\n\n\n\n<a href=\"https:\/\/www.advocaat.be\/\" target=\"_blank\" rel=\"noopener\">Vlaamse Balies<\/a>\n\n\n\n<p>\u00a0et le\u00a0<\/p>\n\n\n\n<a href=\"https:\/\/justice.belgium.be\/fr\/service_public_federal_justice\" target=\"_blank\" rel=\"noopener\">SPF Justice<\/a>\n\n\n\n<p>\u00a0ont ensemble effectu\u00e9 un pas de plus vers la modernisation du secteur de la Justice ce Samedi 1<\/p>\n\n\n\n<sup>er<\/sup>\n\n\n\n<p>\u00a0avril 2017, en lan\u00e7ant<\/p>\n\n\n\n<strong>Regsol<\/strong>\n\n\n\n<p>, la<\/p>\n\n\n\n<strong>plateforme digitale des faillites<\/strong>\n\n\n\n<p>, afin de rendre davantage la proc\u00e9dure en phase avec la r\u00e9alit\u00e9 d\u2019aujourd\u2019hui.<\/p>\n\n\n\n<a href=\"https:\/\/www.regsol.be\/\" target=\"_blank\" rel=\"noopener\">Regsol<\/a>\n\n\n\n<p>(le<\/p>\n\n\n\n<strong>Registre central de Solvabilit\u00e9<\/strong>\n\n\n\n<p>) est une base de donn\u00e9es informatis\u00e9e au sein de laquelle toutes les donn\u00e9es relatives aux<\/p>\n\n\n\n<a href=\"https:\/\/tcm.be\/fr\/faillite\/\">faillites<\/a>\n\n\n\n<p>prononc\u00e9es en Belgique sont rassembl\u00e9es. Cette<\/p>\n\n\n\n<strong>plateforme<\/strong>\n\n\n\n<p>a le m\u00e9rite d\u2019am\u00e9liorer la communication entre les diff\u00e9rents acteurs de la proc\u00e9dure qui peuvent parfois agir simultan\u00e9ment\u00a0:<\/p>\n\n\n\n<a href=\"https:\/\/tcm.be\/fr\/curateur\/\">curateur<\/a>\n\n\n\n<p>,<\/p>\n\n\n\n<a href=\"https:\/\/tcm.be\/fr\/creancier-definition\/\">cr\u00e9anciers<\/a>\n\n\n\n<p>,<\/p>\n\n\n\n<a href=\"https:\/\/tcm.be\/fr\/juge-commissaire\/\">juge-commissaire<\/a>\n\n\n\n<p>, parquet, greffier. Tous ces acteurs doivent avoir, \u00e0 diff\u00e9rents moments, une vue d\u2019ensemble sur la proc\u00e9dure. \u00c0 ce titre, le dossier mat\u00e9riel, version papier (donn\u00e9es et pi\u00e8ces relatives \u00e0 la faillite, d\u00e9clarations de cr\u00e9ance, proc\u00e8s-verbaux de v\u00e9rification, \u2026), est devenu d\u00e9suet et constitue un frein, d\u2019une part, au principe de transparence de la proc\u00e9dure, et d\u2019autre part, \u00e0 la rapidit\u00e9 de communication. \u00c0 partir de ce samedi 1<\/p>\n\n\n\n<sup>er<\/sup>\n\n\n\n<p>\u00a0avril, le dossier papier reste consultable pour les faillites en cours, mais dor\u00e9navant, le greffier n\u2019acceptera plus aucun document papier de telle sorte que les proc\u00e9dures de faillite en cours seront num\u00e9ris\u00e9es mais uniquement pour les documents \u00e0 venir. Les nouvelles proc\u00e9dures seront quant \u00e0 elles enti\u00e8rement<\/p>\n\n\n\n<strong>num\u00e9ris\u00e9es<\/strong>\n\n\n\n<p>. Seules les personnes morales \u00e9trang\u00e8res ou les personnes physiques non-repr\u00e9sent\u00e9es par un avocat pourront encore introduire leurs d\u00e9clarations de cr\u00e9ances par l\u2019envoi d\u2019un recommand\u00e9 au curateur. Toutefois, l\u2019acc\u00e8s \u00e0 la plateforme leur sera possible s\u2019ils le souhaitent. Cette<\/p>\n\n\n\n<strong>nouvelle plateforme<\/strong>\n\n\n\n<p>permettra donc une \u00e9conomie budg\u00e9taire importante sur les frais administratifs, un gain de temps consid\u00e9rable au niveau des greffes ainsi qu\u2019une meilleure communication en termes de qualit\u00e9 et de rapidit\u00e9 entre les acteurs de la faillite. Pour d\u00e9clarer votre<\/p>\n\n\n\n<a href=\"https:\/\/tcm.be\/fr\/creance\/\">cr\u00e9ance<\/a>\n\n\n\n<p>, il suffira simplement de<\/p>\n\n\n\n<strong>s\u2019inscrire sur la plateforme<\/strong>\n\n\n\n<p>(nom, num\u00e9ro d\u2019entreprise, adresse, \u2026), de rechercher votre<\/p>\n\n\n\n<a href=\"https:\/\/tcm.be\/fr\/debiteur-definition\/\">d\u00e9biteur<\/a>\n\n\n\n<p>(via le nom, le num\u00e9ro d\u2019entreprise, la localit\u00e9, \u2026), d\u2019introduire le montant de votre cr\u00e9ance ainsi que les documents justificatifs en les t\u00e9l\u00e9chargeant, de mentionner votre qualit\u00e9 de<\/p>\n\n\n\n<a href=\"https:\/\/tcm.be\/fr\/creancier-definition\/\">cr\u00e9ancier<\/a>\n\n\n\n<p>(<\/p>\n\n\n\n<a href=\"https:\/\/tcm.be\/fr\/creancier-privilegie-ou-chirographaire\/\">privil\u00e9gi\u00e9<\/a>\n\n\n\n<p>,<\/p>\n\n\n\n<a href=\"https:\/\/tcm.be\/fr\/creancier-privilegie-ou-chirographaire\/\">chirographaire<\/a>\n\n\n\n<p>, \u2026) et de laisser, le cas \u00e9ch\u00e9ant, une petite remarque au curateur concernant les circonstances de votre cr\u00e9ance. Apr\u00e8s avoir rempli ces informations, on vous proposera un r\u00e9sum\u00e9 que vous devrez valider avant de passer au paiement de votre d\u00e9claration. Le<\/p>\n\n\n\n<strong>financement de cette<\/strong>\n\n\n\n<strong>plateforme<\/strong>\n\n\n\n<p>proviendra principalement des d\u00e9clarations de cr\u00e9ances (6 euros par d\u00e9claration, sauf pour les institutions publiques pour qui les d\u00e9clarations seront gratuites) ainsi que des r\u00e9tributions annuelles qui sont d\u00e9termin\u00e9es en fonction de l\u2019actif brut de la<\/p>\n\n\n\n<a href=\"https:\/\/tcm.be\/fr\/faillite\/\">faillite<\/a>\n\n\n\n<p>. Si l\u2019actif brut est compris entre 0 euros et 1.500 euros, la r\u00e9tribution \u00e9quivaudra \u00e0 0 euros. Entre 1.500 et 5.000 euros, la r\u00e9tribution sera de 25 euros par an. Si l\u2019actif brut d\u00e9passe 5.000 euros, il faudra compter une r\u00e9tribution annuelle de 295 euros. Cette redevance annuelle sera pr\u00e9lev\u00e9e sur la somme d\u00e9gag\u00e9e par le<\/p>\n\n\n\n<a href=\"https:\/\/tcm.be\/fr\/curateur\/\">curateur<\/a>\n\n\n\n<p>avant que la distribution soit faite aux diff\u00e9rents cr\u00e9anciers (<\/p>\n\n\n\n<a href=\"https:\/\/tcm.be\/fr\/dette\/\">dettes<\/a>\n\n\n\n<p>de la masse). Cette<\/p>\n\n\n\n<strong>plateforme<\/strong>\n\n\n\n<p>sera s\u00fbrement sujette \u00e0 quelques bugs et des versions ult\u00e9rieurs suivront rapidement afin de l\u2019adapter, mais il est certain qu\u2019elle fera gagner \u00e9norm\u00e9ment de temps dans la gestion des proc\u00e9dures et qu\u2019elle en diminuera fortement les co\u00fbts. Il faudra cependant attendre quelques mois pour juger de son efficacit\u00e9 et conclure \u00e0 sa r\u00e9ussite. Quoiqu\u2019il en soit, les<\/p>\n\n\n\n<strong>cr\u00e9anciers<\/strong>\n\n\n\n<p>pourront tr\u00e8s certainement en retirer<\/p>\n\n\n\n<strong>deux<\/strong>\n\n\n\n<strong>avantages<\/strong>\n\n\n\n<p>\u00a0: &#8211;\u00a0\u00a0\u00a0\u00a0\u00a0\u00a0\u00a0 La d\u00e9claration de<\/p>\n\n\n\n<a href=\"https:\/\/tcm.be\/fr\/creance\/\">cr\u00e9ance<\/a>\n\n\n\n<p>sera<\/p>\n\n\n\n<strong>num\u00e9rique<\/strong>\n\n\n\n<p>(gain de temps, frais de d\u00e9placement, \u2026)\u00a0; &#8211;\u00a0\u00a0\u00a0\u00a0\u00a0\u00a0\u00a0 Les<\/p>\n\n\n\n<a href=\"https:\/\/tcm.be\/fr\/creancier-definition\/\">cr\u00e9anciers<\/a>\n\n\n\n<p>pourront avoir \u00e0 tout moment une vue d\u2019ensemble sur le traitement de leurs<\/p>\n\n\n\n<strong>cr\u00e9ances<\/strong>\n\n\n\n<p>dans les diff\u00e9rentes proc\u00e9dures en cours via leur compte personnel sur la plateforme. Si vous souhaitez de plus amples informations, veuillez nous contacter sur notre\u00a0<\/p>\n\n\n\n<a href=\"https:\/\/tcm.be\/fr\/contact\/\">site Web<\/a>\n\n\n\n<p>\u00a0ou par\u00a0<\/p>\n\n\n\n<a href=\"mailto:sales@tcm.be\" target=\"_blank\" rel=\"noopener\">mail<\/a>\n\n\n\n<p>\u00a0!<\/p>\n\n\n\n<h2 class=\"wp-block-heading has-text-align-center\"><strong>!!!!!\u00a0 Attention\u00a0 !!!!!\u00a0<\/strong><\/h2>\n\n\n\n<p>Beaucoup de lecteurs nous contactent pour des questions de connexion, de d\u00e9claration ou de paiement avec Regsol.\u00a0 Nous ne sommes<\/p>\n\n\n\n<u>pas<\/u>\n\n\n\n<p>Regsol.\u00a0<\/p>\n\n\n\n<strong>Merci de les<\/strong>\n\n\n\n<a href=\"https:\/\/www.regsol.be\/\" target=\"_blank\" rel=\"noopener\"><strong>contacter directement<\/strong><\/a>\n\n\n\n<p>(<\/p>\n\n\n\n<a href=\"https:\/\/www.regsol.be\/\" target=\"_blank\" rel=\"noopener\">https:\/\/www.regsol.be\/<\/a>\n\n\n\n<p>) pour toute question pratique ou technique.<\/p>\n\n\n\n<hr class=\"wp-block-separator\"\/>\n\n\n","protected":false},"excerpt":{"rendered":"<p>L\u2019 Ordre des barreaux francophones \u00a0et germanophone, son pendant n\u00e9erlandophone du\u00a0 Vlaamse Balies \u00a0et le\u00a0 SPF Justice \u00a0ont ensemble effectu\u00e9 un pas de plus vers la modernisation du secteur de la Justice ce Samedi 1 er \u00a0avril 2017, en lan\u00e7ant Regsol , la plateforme digitale des faillites , afin de rendre davantage la proc\u00e9dure en [&hellip;]<\/p>\n","protected":false},"author":11,"featured_media":26419,"comment_status":"open","ping_status":"open","sticky":false,"template":"","format":"standard","meta":{"footnotes":""},"categories":[74],"tags":[],"class_list":["post-70911","post","type-post","status-publish","format-standard","has-post-thumbnail","hentry","category-news"],"_links":{"self":[{"href":"https:\/\/tcm.be\/fr\/wp-json\/wp\/v2\/posts\/70911","targetHints":{"allow":["GET"]}}],"collection":[{"href":"https:\/\/tcm.be\/fr\/wp-json\/wp\/v2\/posts"}],"about":[{"href":"https:\/\/tcm.be\/fr\/wp-json\/wp\/v2\/types\/post"}],"author":[{"embeddable":true,"href":"https:\/\/tcm.be\/fr\/wp-json\/wp\/v2\/users\/11"}],"replies":[{"embeddable":true,"href":"https:\/\/tcm.be\/fr\/wp-json\/wp\/v2\/comments?post=70911"}],"version-history":[{"count":1,"href":"https:\/\/tcm.be\/fr\/wp-json\/wp\/v2\/posts\/70911\/revisions"}],"predecessor-version":[{"id":72280,"href":"https:\/\/tcm.be\/fr\/wp-json\/wp\/v2\/posts\/70911\/revisions\/72280"}],"wp:featuredmedia":[{"embeddable":true,"href":"https:\/\/tcm.be\/fr\/wp-json\/wp\/v2\/media\/26419"}],"wp:attachment":[{"href":"https:\/\/tcm.be\/fr\/wp-json\/wp\/v2\/media?parent=70911"}],"wp:term":[{"taxonomy":"category","embeddable":true,"href":"https:\/\/tcm.be\/fr\/wp-json\/wp\/v2\/categories?post=70911"},{"taxonomy":"post_tag","embeddable":true,"href":"https:\/\/tcm.be\/fr\/wp-json\/wp\/v2\/tags?post=70911"}],"curies":[{"name":"wp","href":"https:\/\/api.w.org\/{rel}","templated":true}]}}